{"id":7784,"date":"2026-04-30T11:40:04","date_gmt":"2026-04-30T09:40:04","guid":{"rendered":"https:\/\/www.musola.es\/musola-en-salone-del-mobile-2026\/"},"modified":"2026-04-30T11:48:06","modified_gmt":"2026-04-30T09:48:06","slug":"musola-au-salone-del-mobile-2026","status":"publish","type":"post","link":"https:\/\/www.musola.es\/fr\/informations\/musola-en-salone-del-mobile-2026\/","title":{"rendered":"Musola au Salon du Meuble 2026"},"content":{"rendered":"<p>Le Salone del Mobile.Milano 2026 est termin\u00e9, et avec lui, une semaine intense consacr\u00e9e au design. Merci d&rsquo;\u00eatre venus nous rendre visite, de vous \u00eatre arr\u00eat\u00e9s, d&rsquo;avoir regard\u00e9, touch\u00e9 les mat\u00e9riaux et discut\u00e9 de projets en toute tranquillit\u00e9. Le meilleur reste \u00e0 venir : la saison des activit\u00e9s en plein air. De nouvelles combinaisons et de nouvelles fa\u00e7ons de profiter des espaces ext\u00e9rieurs, avec une attention particuli\u00e8re port\u00e9e aux d\u00e9tails.<\/p>\n","protected":false},"excerpt":{"rendered":"<p>Le Salone del Mobile.Milano 2026 est termin\u00e9, et avec lui, une semaine intense consacr\u00e9e au design. Merci d&rsquo;\u00eatre venus nous rendre visite, de vous \u00eatre arr\u00eat\u00e9s, d&rsquo;avoir regard\u00e9, touch\u00e9 les mat\u00e9riaux et discut\u00e9 de projets en toute tranquillit\u00e9. Le meilleur reste \u00e0 venir : la saison des activit\u00e9s en plein air. De nouvelles combinaisons et de nouvelles fa\u00e7ons de profiter des espaces ext\u00e9rieurs, avec une attention particuli\u00e8re port\u00e9e aux d\u00e9tails.<\/p>\n","protected":false},"author":2,"featured_media":7714,"comment_status":"closed","ping_status":"closed","sticky":false,"template":"","format":"standard","meta":{"_acf_changed":false,"inline_featured_image":false,"footnotes":""},"categories":[5],"tags":[],"class_list":["post-7784","post","type-post","status-publish","format-standard","has-post-thumbnail","hentry","category-non-classifiee"],"acf":[],"_links":{"self":[{"href":"https:\/\/www.musola.es\/fr\/wp-json\/wp\/v2\/posts\/7784","targetHints":{"allow":["GET"]}}],"collection":[{"href":"https:\/\/www.musola.es\/fr\/wp-json\/wp\/v2\/posts"}],"about":[{"href":"https:\/\/www.musola.es\/fr\/wp-json\/wp\/v2\/types\/post"}],"author":[{"embeddable":true,"href":"https:\/\/www.musola.es\/fr\/wp-json\/wp\/v2\/users\/2"}],"replies":[{"embeddable":true,"href":"https:\/\/www.musola.es\/fr\/wp-json\/wp\/v2\/comments?post=7784"}],"version-history":[{"count":1,"href":"https:\/\/www.musola.es\/fr\/wp-json\/wp\/v2\/posts\/7784\/revisions"}],"predecessor-version":[{"id":7786,"href":"https:\/\/www.musola.es\/fr\/wp-json\/wp\/v2\/posts\/7784\/revisions\/7786"}],"wp:featuredmedia":[{"embeddable":true,"href":"https:\/\/www.musola.es\/fr\/wp-json\/wp\/v2\/media\/7714"}],"wp:attachment":[{"href":"https:\/\/www.musola.es\/fr\/wp-json\/wp\/v2\/media?parent=7784"}],"wp:term":[{"taxonomy":"category","embeddable":true,"href":"https:\/\/www.musola.es\/fr\/wp-json\/wp\/v2\/categories?post=7784"},{"taxonomy":"post_tag","embeddable":true,"href":"https:\/\/www.musola.es\/fr\/wp-json\/wp\/v2\/tags?post=7784"}],"curies":[{"name":"wp","href":"https:\/\/api.w.org\/{rel}","templated":true}]}}