{"id":5184,"date":"2024-02-19T12:14:05","date_gmt":"2024-02-19T11:14:05","guid":{"rendered":"https:\/\/www.musola.es\/salone-internazionale-del-mobile-2024\/"},"modified":"2024-02-19T12:16:28","modified_gmt":"2024-02-19T11:16:28","slug":"salone-internazionale-del-mobile-2024","status":"publish","type":"post","link":"https:\/\/www.musola.es\/fr\/informations\/salone-internazionale-del-mobile-2024\/","title":{"rendered":"Salone Internazionale del Mobile 2024"},"content":{"rendered":"<p>Du 16 au 21 avril les designers du monde entier atterrissent \u00e0 Milan pour inspirer et montrer les derni\u00e8res tendances du secteur. Venez nous rencontrer et d\u00e9couvrez la 62\u00e8me \u00e9dition de ce grand salon.<\/p>\n<p>&nbsp;<\/p>\n<p>Hall 01 &#8211; Stand E09-E11<\/p>\n<p>16-21.04.2024<\/p>\n<p>Fiera Milano, Rho.<\/p>\n","protected":false},"excerpt":{"rendered":"<p>Du 16 au 21 avril les designers du monde entier atterrissent \u00e0 Milan pour inspirer et montrer les derni\u00e8res tendances du secteur. Venez nous rencontrer et d\u00e9couvrez la 62\u00e8me \u00e9dition de ce grand salon. &nbsp; Hall 01 &#8211; Stand E09-E11 16-21.04.2024 Fiera Milano, Rho.<\/p>\n","protected":false},"author":2,"featured_media":5179,"comment_status":"closed","ping_status":"closed","sticky":false,"template":"","format":"standard","meta":{"_acf_changed":false,"inline_featured_image":false,"footnotes":""},"categories":[5],"tags":[],"class_list":["post-5184","post","type-post","status-publish","format-standard","has-post-thumbnail","hentry","category-non-classifiee"],"acf":[],"_links":{"self":[{"href":"https:\/\/www.musola.es\/fr\/wp-json\/wp\/v2\/posts\/5184","targetHints":{"allow":["GET"]}}],"collection":[{"href":"https:\/\/www.musola.es\/fr\/wp-json\/wp\/v2\/posts"}],"about":[{"href":"https:\/\/www.musola.es\/fr\/wp-json\/wp\/v2\/types\/post"}],"author":[{"embeddable":true,"href":"https:\/\/www.musola.es\/fr\/wp-json\/wp\/v2\/users\/2"}],"replies":[{"embeddable":true,"href":"https:\/\/www.musola.es\/fr\/wp-json\/wp\/v2\/comments?post=5184"}],"version-history":[{"count":0,"href":"https:\/\/www.musola.es\/fr\/wp-json\/wp\/v2\/posts\/5184\/revisions"}],"wp:featuredmedia":[{"embeddable":true,"href":"https:\/\/www.musola.es\/fr\/wp-json\/wp\/v2\/media\/5179"}],"wp:attachment":[{"href":"https:\/\/www.musola.es\/fr\/wp-json\/wp\/v2\/media?parent=5184"}],"wp:term":[{"taxonomy":"category","embeddable":true,"href":"https:\/\/www.musola.es\/fr\/wp-json\/wp\/v2\/categories?post=5184"},{"taxonomy":"post_tag","embeddable":true,"href":"https:\/\/www.musola.es\/fr\/wp-json\/wp\/v2\/tags?post=5184"}],"curies":[{"name":"wp","href":"https:\/\/api.w.org\/{rel}","templated":true}]}}