{"id":2589,"date":"2021-02-18T06:28:08","date_gmt":"2021-02-18T05:28:08","guid":{"rendered":"http:\/\/musola.dev.trestristestigres.com\/una-coleccion-modular-que-rompe-con-la-tipica-apariencia-de-los-disenos-de-exterior\/"},"modified":"2024-02-01T20:03:28","modified_gmt":"2024-02-01T19:03:28","slug":"una-coleccion-modular-que-rompe-con-la-tipica-apariencia-de-los-disenos-de-exterior","status":"publish","type":"post","link":"https:\/\/www.musola.es\/fr\/informations\/une-collection-modulaire-qui-rompt-avec-la-typique-apparence-des-designs-dexterieur\/","title":{"rendered":"Une collection modulaire qui rompt avec la typique apparence des designs d&rsquo;ext\u00e9rieur."},"content":{"rendered":"<p>Salinas est un canap\u00e9 d&rsquo;ext\u00e9rieur modulable d&rsquo;inspiration m\u00e9diterran\u00e9enne qui vous permet de cr\u00e9er des espaces de repos et de d\u00e9tente \u00e0 la fois pour un usage professionnel et domestique gr\u00e2ce \u00e0 sa structure en acier inoxydable, sa couche de polyester imperm\u00e9able dans tout son int\u00e9rieur et son rev\u00eatement d\u00e9houssable, ce qui lui conf\u00e8rent une haute r\u00e9sistance aux intemp\u00e9ries dans les espaces ext\u00e9rieurs.<\/p>\n<p>L&rsquo;esth\u00e9tique sobre et intemporelle de Salinas en fait un produit tr\u00e8s polyvalent qui peut \u00eatre utilis\u00e9 aussi bien \u00e0 l&rsquo;int\u00e9rieur qu&rsquo;\u00e0 l&rsquo;ext\u00e9rieur, selon la saison de l&rsquo;ann\u00e9e. Il est tr\u00e8s facile \u00e0 assembler, d\u00e9monter et transporter, et dispose de multiples combinaisons adaptables. C&rsquo;est un aboutissement tr\u00e8s complet et polyvalent.<\/p>\n<p>Le syst\u00e8me modulaire est con\u00e7u \u00e0 la fois pour optimiser les processus de fabrication et pour faciliter \u00e0 l&rsquo;utilisateur final la cr\u00e9ation de compositions infinis avec tr\u00e8s peu d\u2019accessoires. Avec seulement trois cat\u00e9gories de rev\u00eatement et un seul type de dossier, une multitude de compositions peuvent \u00eatre cr\u00e9\u00e9es gr\u00e2ce \u00e0 l&rsquo;\u00e9tude de modularit\u00e9 r\u00e9alis\u00e9e lors du processus de conception. L&rsquo;union entre les modules est tr\u00e8s simple pour l&rsquo;utilisateur gr\u00e2ce \u00e0 la l\u00e9g\u00e8ret\u00e9 des pi\u00e8ces et au syst\u00e8me de serrage qui ne n\u00e9cessite aucun outil.<\/p>\n","protected":false},"excerpt":{"rendered":"<p>Salinas est un canap\u00e9 d&rsquo;ext\u00e9rieur modulable d&rsquo;inspiration m\u00e9diterran\u00e9enne qui vous permet de cr\u00e9er des espaces de repos et de d\u00e9tente \u00e0 la fois pour un usage professionnel et domestique gr\u00e2ce \u00e0 sa structure en acier inoxydable, sa couche de polyester imperm\u00e9able dans tout son int\u00e9rieur et son rev\u00eatement d\u00e9houssable, ce qui lui conf\u00e8rent une haute [&hellip;]<\/p>\n","protected":false},"author":1,"featured_media":2561,"comment_status":"closed","ping_status":"closed","sticky":false,"template":"","format":"standard","meta":{"_acf_changed":false,"inline_featured_image":false,"footnotes":""},"categories":[5],"tags":[],"class_list":["post-2589","post","type-post","status-publish","format-standard","has-post-thumbnail","hentry","category-non-classifiee"],"acf":[],"_links":{"self":[{"href":"https:\/\/www.musola.es\/fr\/wp-json\/wp\/v2\/posts\/2589","targetHints":{"allow":["GET"]}}],"collection":[{"href":"https:\/\/www.musola.es\/fr\/wp-json\/wp\/v2\/posts"}],"about":[{"href":"https:\/\/www.musola.es\/fr\/wp-json\/wp\/v2\/types\/post"}],"author":[{"embeddable":true,"href":"https:\/\/www.musola.es\/fr\/wp-json\/wp\/v2\/users\/1"}],"replies":[{"embeddable":true,"href":"https:\/\/www.musola.es\/fr\/wp-json\/wp\/v2\/comments?post=2589"}],"version-history":[{"count":0,"href":"https:\/\/www.musola.es\/fr\/wp-json\/wp\/v2\/posts\/2589\/revisions"}],"wp:featuredmedia":[{"embeddable":true,"href":"https:\/\/www.musola.es\/fr\/wp-json\/wp\/v2\/media\/2561"}],"wp:attachment":[{"href":"https:\/\/www.musola.es\/fr\/wp-json\/wp\/v2\/media?parent=2589"}],"wp:term":[{"taxonomy":"category","embeddable":true,"href":"https:\/\/www.musola.es\/fr\/wp-json\/wp\/v2\/categories?post=2589"},{"taxonomy":"post_tag","embeddable":true,"href":"https:\/\/www.musola.es\/fr\/wp-json\/wp\/v2\/tags?post=2589"}],"curies":[{"name":"wp","href":"https:\/\/api.w.org\/{rel}","templated":true}]}}