{"id":2521,"date":"2020-09-20T17:10:58","date_gmt":"2020-09-20T15:10:58","guid":{"rendered":"http:\/\/musola.dev.trestristestigres.com\/las-sillas-canasta-y-nansa-entre-los-mejores-disenos-valencianos-de-la-ultima-decada\/"},"modified":"2024-02-01T20:03:37","modified_gmt":"2024-02-01T19:03:37","slug":"las-sillas-canasta-y-nansa-entre-los-mejores-disenos-valencianos-de-la-ultima-decada","status":"publish","type":"post","link":"https:\/\/www.musola.es\/fr\/informations\/les-chaises-canasta-et-nansa-parmi-les-meilleurs-designs-valenciens-de-la-derniere-decennie\/","title":{"rendered":"Les chaises Canasta et Nansa parmi les meilleurs designs valenciens de la derni\u00e8re d\u00e9cennie."},"content":{"rendered":"<p>Tr\u00e8s heureux de faire partie de l\u2019exposition organis\u00e9e par Xavier Giner \u00ab DISSENY VALENCI\u00c0 \u2013 Productes per a un m\u00f3n global \u2013 2009\/2019 \u00bb (DESIGN VALENCIEN \u2013 Produits pour un monde globalis\u00e9 \u2013 2009\/20019 \u00bb pour l\u2019IVAM (Institut Valencien d\u2019Art Moderne), qui montre le meilleur du design valencien de la derni\u00e8re d\u00e9cennie. Autour de toutes les pi\u00e8ces expos\u00e9es s\u2019incluent la chaise Canasta con\u00e7ue par Yonoh Studio et la chaise Nansa con\u00e7ue par Santiago Sevillano.<br \/>\nL\u2019exposition sera ouverte au public jusqu\u2019au 31 janvier 2021. Vous pouvez la visiter \u00e0 l\u2019IVAM (Institut Valencien d\u2019Art Moderne) \u00e0 Alcoy.<br \/>\nPour plus d&rsquo;information, cliquez sur<\/p>\n<blockquote class=\"wp-embedded-content\" data-secret=\"fN3pZMJgiv\"><p><a href=\"https:\/\/ivam.es\/es\/exposiciones\/diseno-valenciano-2009-2019-productos-para-un-mundo-global\/\">Dise\u00f1o valenciano (2009-2019)<\/a><\/p><\/blockquote>\n<p><iframe class=\"wp-embedded-content\" sandbox=\"allow-scripts\" security=\"restricted\" style=\"position: absolute; visibility: hidden;\" title=\"\u00abDise\u00f1o valenciano (2009-2019)\u00bb \u2014 IVAM\" src=\"https:\/\/ivam.es\/es\/exposiciones\/diseno-valenciano-2009-2019-productos-para-un-mundo-global\/embed\/#?secret=h6jlsmPMZN#?secret=fN3pZMJgiv\" data-secret=\"fN3pZMJgiv\" width=\"500\" height=\"282\" frameborder=\"0\" marginwidth=\"0\" marginheight=\"0\" scrolling=\"no\"><\/iframe><\/p>\n","protected":false},"excerpt":{"rendered":"<p>Tr\u00e8s heureux de faire partie de l\u2019exposition organis\u00e9e par Xavier Giner \u00ab DISSENY VALENCI\u00c0 \u2013 Productes per a un m\u00f3n global \u2013 2009\/2019 \u00bb (DESIGN VALENCIEN \u2013 Produits pour un monde globalis\u00e9 \u2013 2009\/20019 \u00bb pour l\u2019IVAM (Institut Valencien d\u2019Art Moderne), qui montre le meilleur du design valencien de la derni\u00e8re d\u00e9cennie. Autour de toutes [&hellip;]<\/p>\n","protected":false},"author":1,"featured_media":2509,"comment_status":"closed","ping_status":"closed","sticky":false,"template":"","format":"standard","meta":{"_acf_changed":false,"inline_featured_image":false,"footnotes":""},"categories":[5],"tags":[],"class_list":["post-2521","post","type-post","status-publish","format-standard","has-post-thumbnail","hentry","category-non-classifiee"],"acf":[],"_links":{"self":[{"href":"https:\/\/www.musola.es\/fr\/wp-json\/wp\/v2\/posts\/2521","targetHints":{"allow":["GET"]}}],"collection":[{"href":"https:\/\/www.musola.es\/fr\/wp-json\/wp\/v2\/posts"}],"about":[{"href":"https:\/\/www.musola.es\/fr\/wp-json\/wp\/v2\/types\/post"}],"author":[{"embeddable":true,"href":"https:\/\/www.musola.es\/fr\/wp-json\/wp\/v2\/users\/1"}],"replies":[{"embeddable":true,"href":"https:\/\/www.musola.es\/fr\/wp-json\/wp\/v2\/comments?post=2521"}],"version-history":[{"count":0,"href":"https:\/\/www.musola.es\/fr\/wp-json\/wp\/v2\/posts\/2521\/revisions"}],"wp:featuredmedia":[{"embeddable":true,"href":"https:\/\/www.musola.es\/fr\/wp-json\/wp\/v2\/media\/2509"}],"wp:attachment":[{"href":"https:\/\/www.musola.es\/fr\/wp-json\/wp\/v2\/media?parent=2521"}],"wp:term":[{"taxonomy":"category","embeddable":true,"href":"https:\/\/www.musola.es\/fr\/wp-json\/wp\/v2\/categories?post=2521"},{"taxonomy":"post_tag","embeddable":true,"href":"https:\/\/www.musola.es\/fr\/wp-json\/wp\/v2\/tags?post=2521"}],"curies":[{"name":"wp","href":"https:\/\/api.w.org\/{rel}","templated":true}]}}