{"id":2407,"date":"2019-12-19T15:53:49","date_gmt":"2019-12-19T14:53:49","guid":{"rendered":"http:\/\/musola.dev.trestristestigres.com\/musola-presenta-sus-novedades-en-colonia\/"},"modified":"2024-02-01T20:04:13","modified_gmt":"2024-02-01T19:04:13","slug":"musola-presenta-sus-novedades-en-colonia","status":"publish","type":"post","link":"https:\/\/www.musola.es\/fr\/informations\/musola-presente-ses-nouveautes-a-colognem\/","title":{"rendered":"Musola pr\u00e9sente ses nouveaut\u00e9s \u00e0 Colognem"},"content":{"rendered":"<p>Du 13 au 19 Janvier, Musola sera pr\u00e9sent \u00e0 la foire IMM Cologne. A cette occasion, notre espace sera encore plus grand permettant ainsi de pr\u00e9senter les nombreuses nouveaut\u00e9s que nous avons d\u00e9velopp\u00e9 cette ann\u00e9e 2019: la Collection de Sofa Salinas Designer par Santiago Sevillano, le bain de soleil empilable Designer par Javier Herrero; et le Nouveau tabouret qui s\u2019incorpore dans la famille Nansa Designer, \u00e9galement, par Santiago Sevillano.<\/p>\n<p>Visitez-nous dans le Hall 10.1 \u2013 Stand D010-D016.<\/p>\n","protected":false},"excerpt":{"rendered":"<p>Du 13 au 19 Janvier, Musola sera pr\u00e9sent \u00e0 la foire IMM Cologne. A cette occasion, notre espace sera encore plus grand permettant ainsi de pr\u00e9senter les nombreuses nouveaut\u00e9s que nous avons d\u00e9velopp\u00e9 cette ann\u00e9e 2019: la Collection de Sofa Salinas Designer par Santiago Sevillano, le bain de soleil empilable Designer par Javier Herrero; et [&hellip;]<\/p>\n","protected":false},"author":1,"featured_media":2403,"comment_status":"closed","ping_status":"closed","sticky":false,"template":"","format":"standard","meta":{"_acf_changed":false,"inline_featured_image":false,"footnotes":""},"categories":[5],"tags":[],"class_list":["post-2407","post","type-post","status-publish","format-standard","has-post-thumbnail","hentry","category-non-classifiee"],"acf":[],"_links":{"self":[{"href":"https:\/\/www.musola.es\/fr\/wp-json\/wp\/v2\/posts\/2407","targetHints":{"allow":["GET"]}}],"collection":[{"href":"https:\/\/www.musola.es\/fr\/wp-json\/wp\/v2\/posts"}],"about":[{"href":"https:\/\/www.musola.es\/fr\/wp-json\/wp\/v2\/types\/post"}],"author":[{"embeddable":true,"href":"https:\/\/www.musola.es\/fr\/wp-json\/wp\/v2\/users\/1"}],"replies":[{"embeddable":true,"href":"https:\/\/www.musola.es\/fr\/wp-json\/wp\/v2\/comments?post=2407"}],"version-history":[{"count":0,"href":"https:\/\/www.musola.es\/fr\/wp-json\/wp\/v2\/posts\/2407\/revisions"}],"wp:featuredmedia":[{"embeddable":true,"href":"https:\/\/www.musola.es\/fr\/wp-json\/wp\/v2\/media\/2403"}],"wp:attachment":[{"href":"https:\/\/www.musola.es\/fr\/wp-json\/wp\/v2\/media?parent=2407"}],"wp:term":[{"taxonomy":"category","embeddable":true,"href":"https:\/\/www.musola.es\/fr\/wp-json\/wp\/v2\/categories?post=2407"},{"taxonomy":"post_tag","embeddable":true,"href":"https:\/\/www.musola.es\/fr\/wp-json\/wp\/v2\/tags?post=2407"}],"curies":[{"name":"wp","href":"https:\/\/api.w.org\/{rel}","templated":true}]}}