{"id":96,"count":1,"description":"Bain de soleil","link":"https:\/\/www.musola.es\/fr\/collections-meubles-jardin-design\/nao\/","name":"Nao","slug":"nao","taxonomy":"collection","parent":0,"meta":[],"acf":{"collection_image":264,"collection_gallery":[96,99,102,93,90],"collection_description":"<p>Le \u00ab Cabo de la Nao \u00bb, est probablement le cap le plus reconnus de la c\u00f4te Alicantine. Pr\u00e9cis\u00e9ment l\u00e0 bas, se sont trac\u00e9es les derni\u00e8res lignes de cette confortable et l\u00e9g\u00e8re chaise longue par la main de son Designer, Javier Herrero. Son aspect frais et simple fait de Nao une pi\u00e8ce \u00e9l\u00e9gante et intemporelle, capable de transmettre cet air m\u00e9diterran\u00e9en qui nous caract\u00e9rise autant. M\u00eame si nous allons un peu plus loin que l\u2019esth\u00e9tique et l\u2019inspiration nous verrons que Nao \u00e9galement est Designer pour \u00eatre aussi un produit hautement fonctionnel, facile \u00e0 d\u00e9placer et \u00e0 empiler ; sa structure avec ou sans roue arri\u00e8re et son coussin ind\u00e9pendant \u00e9taye solidement cette id\u00e9e.<\/p><p><strong>Javier Herrero<\/strong><br><strong>2019<\/strong><\/p>"},"_links":{"self":[{"href":"https:\/\/www.musola.es\/fr\/wp-json\/wp\/v2\/collection\/96","targetHints":{"allow":["GET"]}}],"collection":[{"href":"https:\/\/www.musola.es\/fr\/wp-json\/wp\/v2\/collection"}],"about":[{"href":"https:\/\/www.musola.es\/fr\/wp-json\/wp\/v2\/taxonomies\/collection"}],"acf:attachment":[{"embeddable":true,"href":"https:\/\/www.musola.es\/fr\/wp-json\/wp\/v2\/media\/90"},{"embeddable":true,"href":"https:\/\/www.musola.es\/fr\/wp-json\/wp\/v2\/media\/93"},{"embeddable":true,"href":"https:\/\/www.musola.es\/fr\/wp-json\/wp\/v2\/media\/102"},{"embeddable":true,"href":"https:\/\/www.musola.es\/fr\/wp-json\/wp\/v2\/media\/99"},{"embeddable":true,"href":"https:\/\/www.musola.es\/fr\/wp-json\/wp\/v2\/media\/96"}],"wp:post_type":[{"href":"https:\/\/www.musola.es\/fr\/wp-json\/wp\/v2\/productos?collection=96"}],"curies":[{"name":"wp","href":"https:\/\/api.w.org\/{rel}","templated":true}]}}