{"id":95,"count":2,"description":"Chaises","link":"https:\/\/www.musola.es\/fr\/collections-meubles-jardin-design\/sorell\/","name":"Sorell","slug":"sorell","taxonomy":"collection","parent":0,"meta":[],"acf":{"collection_image":4066,"collection_gallery":[4675,4664,4672,46,49,4066],"collection_description":"Chaise fabriqu\u00e9e enti\u00e8rement en acier inoxydable. Son si\u00e8ge est amovible et d\u00e9houssable, compos\u00e9 \u00e0 l\u2019int\u00e9rieur (assise et dossier) de mousse polyur\u00e9thane hydrofuge (Dry Feel). Elle permet d\u2019\u00eatre empilable jusqu\u2019\u00e0 six chaises.\r\n\r\n<strong>Musola Design Team<\/strong>\r\n<strong>2021<\/strong>"},"_links":{"self":[{"href":"https:\/\/www.musola.es\/fr\/wp-json\/wp\/v2\/collection\/95","targetHints":{"allow":["GET"]}}],"collection":[{"href":"https:\/\/www.musola.es\/fr\/wp-json\/wp\/v2\/collection"}],"about":[{"href":"https:\/\/www.musola.es\/fr\/wp-json\/wp\/v2\/taxonomies\/collection"}],"acf:attachment":[{"embeddable":true,"href":"https:\/\/www.musola.es\/fr\/wp-json\/wp\/v2\/media\/4066"},{"embeddable":true,"href":"https:\/\/www.musola.es\/fr\/wp-json\/wp\/v2\/media\/49"},{"embeddable":true,"href":"https:\/\/www.musola.es\/fr\/wp-json\/wp\/v2\/media\/46"},{"embeddable":true,"href":"https:\/\/www.musola.es\/fr\/wp-json\/wp\/v2\/media\/4672"},{"embeddable":true,"href":"https:\/\/www.musola.es\/fr\/wp-json\/wp\/v2\/media\/4664"},{"embeddable":true,"href":"https:\/\/www.musola.es\/fr\/wp-json\/wp\/v2\/media\/4675"}],"wp:post_type":[{"href":"https:\/\/www.musola.es\/fr\/wp-json\/wp\/v2\/productos?collection=95"}],"curies":[{"name":"wp","href":"https:\/\/api.w.org\/{rel}","templated":true}]}}