{"id":106,"count":2,"description":"Tables fixes, tables extensibles et tables basses","link":"https:\/\/www.musola.es\/fr\/collections-meubles-jardin-design\/salvia\/","name":"Salvia","slug":"salvia","taxonomy":"collection","parent":0,"meta":[],"acf":{"collection_image":255,"collection_gallery":[186,195,183,189,192],"collection_description":"<p>Table fixe ou extensible et table basse avec un plateau c\u00e9ramique lamin\u00e9 sur un support verre. Sa structure et aussi les \u00e9l\u00e9ments m\u00e9talliques qui la forment ont \u00e9t\u00e9 fabriqu\u00e9s en acier inoxydable.\u200e<\/p><p><strong>Musola Design Team<\/strong><br><strong>2018<\/strong><\/p>"},"_links":{"self":[{"href":"https:\/\/www.musola.es\/fr\/wp-json\/wp\/v2\/collection\/106","targetHints":{"allow":["GET"]}}],"collection":[{"href":"https:\/\/www.musola.es\/fr\/wp-json\/wp\/v2\/collection"}],"about":[{"href":"https:\/\/www.musola.es\/fr\/wp-json\/wp\/v2\/taxonomies\/collection"}],"acf:attachment":[{"embeddable":true,"href":"https:\/\/www.musola.es\/fr\/wp-json\/wp\/v2\/media\/192"},{"embeddable":true,"href":"https:\/\/www.musola.es\/fr\/wp-json\/wp\/v2\/media\/189"},{"embeddable":true,"href":"https:\/\/www.musola.es\/fr\/wp-json\/wp\/v2\/media\/183"},{"embeddable":true,"href":"https:\/\/www.musola.es\/fr\/wp-json\/wp\/v2\/media\/195"},{"embeddable":true,"href":"https:\/\/www.musola.es\/fr\/wp-json\/wp\/v2\/media\/186"}],"wp:post_type":[{"href":"https:\/\/www.musola.es\/fr\/wp-json\/wp\/v2\/productos?collection=106"}],"curies":[{"name":"wp","href":"https:\/\/api.w.org\/{rel}","templated":true}]}}