{"id":7785,"date":"2026-04-30T11:40:04","date_gmt":"2026-04-30T09:40:04","guid":{"rendered":"https:\/\/www.musola.es\/musola-en-salone-del-mobile-2026\/"},"modified":"2026-04-30T11:49:27","modified_gmt":"2026-04-30T09:49:27","slug":"musola-auf-der-salone-del-mobile-2026","status":"publish","type":"post","link":"https:\/\/www.musola.es\/de\/nachricht\/musola-en-salone-del-mobile-2026\/","title":{"rendered":"Musola auf der Salone del Mobile 2026"},"content":{"rendered":"<p>Salone del Mobile.Milano 2026 ist zu Ende gegangen und mit ihm eine intensive Woche voller Design. Vielen Dank f\u00fcr Ihren Besuch, daf\u00fcr, dass Sie sich Zeit genommen haben, unsere Produkte zu entdecken, Materialien zu erleben und in Ruhe \u00fcber Projekte zu sprechen. Jetzt beginnt das Beste: die Outdoor-Saison. Neue Kombinationen und neue Arten, Au\u00dfenbereiche mit einem noch raffinierteren Design zu erleben.<\/p>\n","protected":false},"excerpt":{"rendered":"<p>Salone del Mobile.Milano 2026 ist zu Ende gegangen und mit ihm eine intensive Woche voller Design. Vielen Dank f\u00fcr Ihren Besuch, daf\u00fcr, dass Sie sich Zeit genommen haben, unsere Produkte zu entdecken, Materialien zu erleben und in Ruhe \u00fcber Projekte zu sprechen. Jetzt beginnt das Beste: die Outdoor-Saison. Neue Kombinationen und neue Arten, Au\u00dfenbereiche mit einem noch raffinierteren Design zu erleben.<\/p>\n","protected":false},"author":2,"featured_media":7715,"comment_status":"closed","ping_status":"closed","sticky":false,"template":"","format":"standard","meta":{"_acf_changed":false,"inline_featured_image":false,"footnotes":""},"categories":[37],"tags":[],"class_list":["post-7785","post","type-post","status-publish","format-standard","has-post-thumbnail","hentry","category-unkategorisiert"],"acf":[],"_links":{"self":[{"href":"https:\/\/www.musola.es\/de\/wp-json\/wp\/v2\/posts\/7785","targetHints":{"allow":["GET"]}}],"collection":[{"href":"https:\/\/www.musola.es\/de\/wp-json\/wp\/v2\/posts"}],"about":[{"href":"https:\/\/www.musola.es\/de\/wp-json\/wp\/v2\/types\/post"}],"author":[{"embeddable":true,"href":"https:\/\/www.musola.es\/de\/wp-json\/wp\/v2\/users\/2"}],"replies":[{"embeddable":true,"href":"https:\/\/www.musola.es\/de\/wp-json\/wp\/v2\/comments?post=7785"}],"version-history":[{"count":1,"href":"https:\/\/www.musola.es\/de\/wp-json\/wp\/v2\/posts\/7785\/revisions"}],"predecessor-version":[{"id":7787,"href":"https:\/\/www.musola.es\/de\/wp-json\/wp\/v2\/posts\/7785\/revisions\/7787"}],"wp:featuredmedia":[{"embeddable":true,"href":"https:\/\/www.musola.es\/de\/wp-json\/wp\/v2\/media\/7715"}],"wp:attachment":[{"href":"https:\/\/www.musola.es\/de\/wp-json\/wp\/v2\/media?parent=7785"}],"wp:term":[{"taxonomy":"category","embeddable":true,"href":"https:\/\/www.musola.es\/de\/wp-json\/wp\/v2\/categories?post=7785"},{"taxonomy":"post_tag","embeddable":true,"href":"https:\/\/www.musola.es\/de\/wp-json\/wp\/v2\/tags?post=7785"}],"curies":[{"name":"wp","href":"https:\/\/api.w.org\/{rel}","templated":true}]}}