{"id":2522,"date":"2020-09-20T17:10:58","date_gmt":"2020-09-20T15:10:58","guid":{"rendered":"http:\/\/musola.dev.trestristestigres.com\/las-sillas-canasta-y-nansa-entre-los-mejores-disenos-valencianos-de-la-ultima-decada\/"},"modified":"2024-02-01T20:03:38","modified_gmt":"2024-02-01T19:03:38","slug":"las-sillas-canasta-y-nansa-entre-los-mejores-disenos-valencianos-de-la-ultima-decada","status":"publish","type":"post","link":"https:\/\/www.musola.es\/de\/nachricht\/die-canasta-und-nansa-stuhlen-unter-den-besten-valencianischen-entwurfen-des-letzten-jahrzehnts\/","title":{"rendered":"Die Canasta und Nansa St\u00fchlen unter den besten valencianischen Entw\u00fcrfen des letzten Jahrzehnts."},"content":{"rendered":"<p>Die Canasta und Nansa St\u00fchlen unter den besten valencianischen Entw\u00fcrfen des letzten Jahrzehnts.<br \/>\nSehr gl\u00fccklich, Teil der in Auftrag gegebenen Ausstellung zu sein durch Xavier Giner &#8222;DISSENY VALENCI\u00c0 &#8211; Productes per a un m\u00f3n global &#8211; 2009\/2019&#8220; f\u00fcr IVAM, die das Beste des valencianischen Designs der letzten zehn Jahre zeigt. Zu allen ausgestellten St\u00fccken geh\u00f6ren der Stuhl Canasta, entworfen vom Yonoh Studio, und der Stuhl Nansa, entworfen von Santiago Sevillano. Die Ausstellung findet bis zum 31. Januar statt. Sie k\u00f6nnen es bei IVAM besuchen. Das moderne Valencianische Institut in Alcoy.<br \/>\nMore information at<br \/>\n<a href=\"https:\/\/www.ivam.es\/es\/exposiciones\/diseno-valenciano-2009-2019-productos-para-un-mundo-global\/\" target=\"_blank\" rel=\"noopener\">https:\/\/www.ivam.es\/es\/exposiciones\/diseno-valenciano-2009-2019-productos-para-un-mundo-global\/<\/a><\/p>\n","protected":false},"excerpt":{"rendered":"<p>Die Canasta und Nansa St\u00fchlen unter den besten valencianischen Entw\u00fcrfen des letzten Jahrzehnts. Sehr gl\u00fccklich, Teil der in Auftrag gegebenen Ausstellung zu sein durch Xavier Giner &#8222;DISSENY VALENCI\u00c0 &#8211; Productes per a un m\u00f3n global &#8211; 2009\/2019&#8220; f\u00fcr IVAM, die das Beste des valencianischen Designs der letzten zehn Jahre zeigt. Zu allen ausgestellten St\u00fccken geh\u00f6ren [&hellip;]<\/p>\n","protected":false},"author":1,"featured_media":2510,"comment_status":"closed","ping_status":"closed","sticky":false,"template":"","format":"standard","meta":{"_acf_changed":false,"inline_featured_image":false,"footnotes":""},"categories":[37],"tags":[],"class_list":["post-2522","post","type-post","status-publish","format-standard","has-post-thumbnail","hentry","category-unkategorisiert"],"acf":[],"_links":{"self":[{"href":"https:\/\/www.musola.es\/de\/wp-json\/wp\/v2\/posts\/2522","targetHints":{"allow":["GET"]}}],"collection":[{"href":"https:\/\/www.musola.es\/de\/wp-json\/wp\/v2\/posts"}],"about":[{"href":"https:\/\/www.musola.es\/de\/wp-json\/wp\/v2\/types\/post"}],"author":[{"embeddable":true,"href":"https:\/\/www.musola.es\/de\/wp-json\/wp\/v2\/users\/1"}],"replies":[{"embeddable":true,"href":"https:\/\/www.musola.es\/de\/wp-json\/wp\/v2\/comments?post=2522"}],"version-history":[{"count":0,"href":"https:\/\/www.musola.es\/de\/wp-json\/wp\/v2\/posts\/2522\/revisions"}],"wp:featuredmedia":[{"embeddable":true,"href":"https:\/\/www.musola.es\/de\/wp-json\/wp\/v2\/media\/2510"}],"wp:attachment":[{"href":"https:\/\/www.musola.es\/de\/wp-json\/wp\/v2\/media?parent=2522"}],"wp:term":[{"taxonomy":"category","embeddable":true,"href":"https:\/\/www.musola.es\/de\/wp-json\/wp\/v2\/categories?post=2522"},{"taxonomy":"post_tag","embeddable":true,"href":"https:\/\/www.musola.es\/de\/wp-json\/wp\/v2\/tags?post=2522"}],"curies":[{"name":"wp","href":"https:\/\/api.w.org\/{rel}","templated":true}]}}