{"id":2408,"date":"2019-12-19T15:53:49","date_gmt":"2019-12-19T14:53:49","guid":{"rendered":"http:\/\/musola.dev.trestristestigres.com\/musola-presenta-sus-novedades-en-colonia\/"},"modified":"2024-02-01T20:04:13","modified_gmt":"2024-02-01T19:04:13","slug":"musola-presenta-sus-novedades-en-colonia","status":"publish","type":"post","link":"https:\/\/www.musola.es\/de\/nachricht\/musola-prasentiert-seine-neuheiten-in-koln\/","title":{"rendered":"Musola pr\u00e4sentiert seine neuheiten in K\u00f6ln."},"content":{"rendered":"<p>Vom 13- 19 Januar, wird Musola auf der Imm Cologne vertreten sein. In diesen Anlass, wird unsere Fl\u00e4che noch gr\u00f6\u00dfer sein, so dass wir die zahlreichen Neuheiten pr\u00e4sentieren k\u00f6nnen, die wir 2019 entwickelt haben. Die Kollektion der Salinas Sofas von Santiago Sevillano, die stapelbare Liege von Javier Herrero und der neue Hocker der Nansa-Familie von Santiago Sevillano.<\/p>\n<p>Besuchen Sie uns in der Halle 10.1- Stand D010-D016<\/p>\n","protected":false},"excerpt":{"rendered":"<p>Vom 13- 19 Januar, wird Musola auf der Imm Cologne vertreten sein. In diesen Anlass, wird unsere Fl\u00e4che noch gr\u00f6\u00dfer sein, so dass wir die zahlreichen Neuheiten pr\u00e4sentieren k\u00f6nnen, die wir 2019 entwickelt haben. Die Kollektion der Salinas Sofas von Santiago Sevillano, die stapelbare Liege von Javier Herrero und der neue Hocker der Nansa-Familie von [&hellip;]<\/p>\n","protected":false},"author":1,"featured_media":2413,"comment_status":"closed","ping_status":"closed","sticky":false,"template":"","format":"standard","meta":{"_acf_changed":false,"inline_featured_image":false,"footnotes":""},"categories":[37],"tags":[],"class_list":["post-2408","post","type-post","status-publish","format-standard","has-post-thumbnail","hentry","category-unkategorisiert"],"acf":[],"_links":{"self":[{"href":"https:\/\/www.musola.es\/de\/wp-json\/wp\/v2\/posts\/2408","targetHints":{"allow":["GET"]}}],"collection":[{"href":"https:\/\/www.musola.es\/de\/wp-json\/wp\/v2\/posts"}],"about":[{"href":"https:\/\/www.musola.es\/de\/wp-json\/wp\/v2\/types\/post"}],"author":[{"embeddable":true,"href":"https:\/\/www.musola.es\/de\/wp-json\/wp\/v2\/users\/1"}],"replies":[{"embeddable":true,"href":"https:\/\/www.musola.es\/de\/wp-json\/wp\/v2\/comments?post=2408"}],"version-history":[{"count":0,"href":"https:\/\/www.musola.es\/de\/wp-json\/wp\/v2\/posts\/2408\/revisions"}],"wp:featuredmedia":[{"embeddable":true,"href":"https:\/\/www.musola.es\/de\/wp-json\/wp\/v2\/media\/2413"}],"wp:attachment":[{"href":"https:\/\/www.musola.es\/de\/wp-json\/wp\/v2\/media?parent=2408"}],"wp:term":[{"taxonomy":"category","embeddable":true,"href":"https:\/\/www.musola.es\/de\/wp-json\/wp\/v2\/categories?post=2408"},{"taxonomy":"post_tag","embeddable":true,"href":"https:\/\/www.musola.es\/de\/wp-json\/wp\/v2\/tags?post=2408"}],"curies":[{"name":"wp","href":"https:\/\/api.w.org\/{rel}","templated":true}]}}